{"id":5495,"date":"2026-03-18T08:42:57","date_gmt":"2026-03-18T07:42:57","guid":{"rendered":"https:\/\/www.friedrich-spee-realschule-plus.de\/?p=5495"},"modified":"2026-03-18T08:42:57","modified_gmt":"2026-03-18T07:42:57","slug":"gemeinsam-gutes-tun-teilnahme-an-der-aktion-osternest","status":"publish","type":"post","link":"https:\/\/www.friedrich-spee-realschule-plus.de\/?p=5495","title":{"rendered":"Gemeinsam Gutes tun: Teilnahme an der \u201eAktion Osternest\u201c"},"content":{"rendered":"\n<p>Unsere Sch\u00fclerinnen und Sch\u00fcler haben sich in diesem Jahr mit gro\u00dfem Engagement an der \u201eAktion Osternest\u201c beteiligt. Im Rahmen dieser Sammelaktion wurden haltbare Lebensmittel f\u00fcr das Osterfest und das Zuckerfest zugunsten der Wittlicher Tafel gesammelt.<\/p>\n\n\n\n<p>Dank der vielen Spenden konnte ein wertvoller Beitrag geleistet werden, um Menschen in unserer Region zu unterst\u00fctzen. Ein herzliches Dankesch\u00f6n an alle, die diese Aktion m\u00f6glich gemacht haben!<\/p>\n\n\n\n<figure class=\"wp-block-image size-large\"><img loading=\"lazy\" decoding=\"async\" width=\"810\" height=\"1080\" src=\"https:\/\/www.friedrich-spee-realschule-plus.de\/wp-content\/uploads\/2026\/03\/Zuckerfest-810x1080.jpg\" alt=\"\" class=\"wp-image-5496\" srcset=\"https:\/\/www.friedrich-spee-realschule-plus.de\/wp-content\/uploads\/2026\/03\/Zuckerfest-810x1080.jpg 810w, https:\/\/www.friedrich-spee-realschule-plus.de\/wp-content\/uploads\/2026\/03\/Zuckerfest-225x300.jpg 225w, https:\/\/www.friedrich-spee-realschule-plus.de\/wp-content\/uploads\/2026\/03\/Zuckerfest-768x1024.jpg 768w, https:\/\/www.friedrich-spee-realschule-plus.de\/wp-content\/uploads\/2026\/03\/Zuckerfest-1152x1536.jpg 1152w, https:\/\/www.friedrich-spee-realschule-plus.de\/wp-content\/uploads\/2026\/03\/Zuckerfest-1536x2048.jpg 1536w, https:\/\/www.friedrich-spee-realschule-plus.de\/wp-content\/uploads\/2026\/03\/Zuckerfest-113x150.jpg 113w, https:\/\/www.friedrich-spee-realschule-plus.de\/wp-content\/uploads\/2026\/03\/Zuckerfest-scaled.jpg 1920w\" sizes=\"auto, (max-width: 810px) 100vw, 810px\" \/><\/figure>\n\n\n\n<figure class=\"wp-block-image size-large\"><img loading=\"lazy\" decoding=\"async\" width=\"810\" height=\"1080\" src=\"https:\/\/www.friedrich-spee-realschule-plus.de\/wp-content\/uploads\/2026\/03\/Osternest-810x1080.jpg\" alt=\"\" class=\"wp-image-5497\" srcset=\"https:\/\/www.friedrich-spee-realschule-plus.de\/wp-content\/uploads\/2026\/03\/Osternest-810x1080.jpg 810w, https:\/\/www.friedrich-spee-realschule-plus.de\/wp-content\/uploads\/2026\/03\/Osternest-225x300.jpg 225w, https:\/\/www.friedrich-spee-realschule-plus.de\/wp-content\/uploads\/2026\/03\/Osternest-768x1024.jpg 768w, https:\/\/www.friedrich-spee-realschule-plus.de\/wp-content\/uploads\/2026\/03\/Osternest-1152x1536.jpg 1152w, https:\/\/www.friedrich-spee-realschule-plus.de\/wp-content\/uploads\/2026\/03\/Osternest-1536x2048.jpg 1536w, https:\/\/www.friedrich-spee-realschule-plus.de\/wp-content\/uploads\/2026\/03\/Osternest-113x150.jpg 113w, https:\/\/www.friedrich-spee-realschule-plus.de\/wp-content\/uploads\/2026\/03\/Osternest-scaled.jpg 1920w\" sizes=\"auto, (max-width: 810px) 100vw, 810px\" \/><\/figure>\n","protected":false},"excerpt":{"rendered":"<p>Unsere Sch\u00fclerinnen und Sch\u00fcler haben sich in diesem Jahr mit gro\u00dfem Engagement an der \u201eAktion Osternest\u201c beteiligt. Im Rahmen dieser Sammelaktion wurden haltbare Lebensmittel f\u00fcr das Osterfest und das Zuckerfest zugunsten der Wittlicher Tafel gesammelt. Dank der vielen Spenden konnte ein wertvoller Beitrag geleistet werden, um Menschen in unserer Region&#8230;<\/p>\n<p> <a class=\"continue-reading-link\" href=\"https:\/\/www.friedrich-spee-realschule-plus.de\/?p=5495\"><span>Weiter lesen ?<\/span><i class=\"crycon-right-dir\"><\/i><\/a> <\/p>\n","protected":false},"author":2,"featured_media":0,"comment_status":"closed","ping_status":"closed","sticky":false,"template":"","format":"standard","meta":{"footnotes":""},"categories":[1],"tags":[],"class_list":["post-5495","post","type-post","status-publish","format-standard","hentry","category-uncategorized"],"_links":{"self":[{"href":"https:\/\/www.friedrich-spee-realschule-plus.de\/index.php?rest_route=\/wp\/v2\/posts\/5495","targetHints":{"allow":["GET"]}}],"collection":[{"href":"https:\/\/www.friedrich-spee-realschule-plus.de\/index.php?rest_route=\/wp\/v2\/posts"}],"about":[{"href":"https:\/\/www.friedrich-spee-realschule-plus.de\/index.php?rest_route=\/wp\/v2\/types\/post"}],"author":[{"embeddable":true,"href":"https:\/\/www.friedrich-spee-realschule-plus.de\/index.php?rest_route=\/wp\/v2\/users\/2"}],"replies":[{"embeddable":true,"href":"https:\/\/www.friedrich-spee-realschule-plus.de\/index.php?rest_route=%2Fwp%2Fv2%2Fcomments&post=5495"}],"version-history":[{"count":1,"href":"https:\/\/www.friedrich-spee-realschule-plus.de\/index.php?rest_route=\/wp\/v2\/posts\/5495\/revisions"}],"predecessor-version":[{"id":5498,"href":"https:\/\/www.friedrich-spee-realschule-plus.de\/index.php?rest_route=\/wp\/v2\/posts\/5495\/revisions\/5498"}],"wp:attachment":[{"href":"https:\/\/www.friedrich-spee-realschule-plus.de\/index.php?rest_route=%2Fwp%2Fv2%2Fmedia&parent=5495"}],"wp:term":[{"taxonomy":"category","embeddable":true,"href":"https:\/\/www.friedrich-spee-realschule-plus.de\/index.php?rest_route=%2Fwp%2Fv2%2Fcategories&post=5495"},{"taxonomy":"post_tag","embeddable":true,"href":"https:\/\/www.friedrich-spee-realschule-plus.de\/index.php?rest_route=%2Fwp%2Fv2%2Ftags&post=5495"}],"curies":[{"name":"wp","href":"https:\/\/api.w.org\/{rel}","templated":true}]}}