{"id":5429,"date":"2025-12-12T11:04:50","date_gmt":"2025-12-12T10:04:50","guid":{"rendered":"https:\/\/www.friedrich-spee-realschule-plus.de\/?p=5429"},"modified":"2025-12-12T11:04:50","modified_gmt":"2025-12-12T10:04:50","slug":"vorlesewettbewerb-2025-schulentscheid-an-der-friedrich-spee-realschule-plus-neumagen-dhron","status":"publish","type":"post","link":"https:\/\/www.friedrich-spee-realschule-plus.de\/?p=5429","title":{"rendered":"Vorlesewettbewerb 2025: Schulentscheid an der Friedrich-Spee-Realschule plus Neumagen-Dhron"},"content":{"rendered":"\n<p>Spannende Abenteuer, lustige Geschichten und auch so manch trauriges Erlebnis standen auf dem Programm des Deutschunterrichts der letzten Wochen, als die Sechstkl\u00e4ssler ihre selbst ausgew\u00e4hlten B\u00fccher vorstellten.<\/p>\n\n\n\n<p>Als Klassensieger zogen dieses Mal ins Schulfinale ein:<\/p>\n\n\n\n<p>Laura Krames (6a) mit \u201eTanz der Eiskristalle\u201c von Angela Dorsey, Justus May (6b) mit \u201eEscape Park\u201c von Wolfgang Hohlbein, &nbsp;Lilly Huwig (6c) mit \u201eWoodwalkers \u2013 Gef\u00e4hrliche Freundschaft\u201c von Katja Brandis und Malea Salziger (6d) mit \u201eWoodwalkers \u2013 Carags Verwandlung\u201c.<\/p>\n\n\n\n<p>Im Anschluss lasen die vier Finalisten aus dem Buch \u201eKepler62\u201c vor, indem es um zwei Br\u00fcder, ein sagenumwobenes Videospiel und Ger\u00fcchte um eine geheime Weltraummission geht.<\/p>\n\n\n\n<p>Laura Krames (6a) konnte am Ende die Jury \u00fcberzeugen und hat damit ihre erste Etappe der gro\u00dfen Vorlesereise erfolgreich gemeistert. Wir w\u00fcnschen ihr viel Erfolg in der n\u00e4chsten Runde beim Kreisentscheid im Februar 2026. Die Gewinner erhielten eine Urkunde und kleine Pr\u00e4sente, um ihre wirklich tollen Lesevortr\u00e4ge zu w\u00fcrdigen.<\/p>\n\n\n\n<figure class=\"wp-block-image size-large\"><img loading=\"lazy\" decoding=\"async\" width=\"1440\" height=\"1080\" src=\"https:\/\/www.friedrich-spee-realschule-plus.de\/wp-content\/uploads\/2025\/12\/thumbnail_IMG_6039-1-1440x1080.jpg\" alt=\"\" class=\"wp-image-5436\" srcset=\"https:\/\/www.friedrich-spee-realschule-plus.de\/wp-content\/uploads\/2025\/12\/thumbnail_IMG_6039-1-1440x1080.jpg 1440w, https:\/\/www.friedrich-spee-realschule-plus.de\/wp-content\/uploads\/2025\/12\/thumbnail_IMG_6039-1-300x225.jpg 300w, https:\/\/www.friedrich-spee-realschule-plus.de\/wp-content\/uploads\/2025\/12\/thumbnail_IMG_6039-1-768x576.jpg 768w, https:\/\/www.friedrich-spee-realschule-plus.de\/wp-content\/uploads\/2025\/12\/thumbnail_IMG_6039-1-1536x1152.jpg 1536w, https:\/\/www.friedrich-spee-realschule-plus.de\/wp-content\/uploads\/2025\/12\/thumbnail_IMG_6039-1-150x113.jpg 150w, https:\/\/www.friedrich-spee-realschule-plus.de\/wp-content\/uploads\/2025\/12\/thumbnail_IMG_6039-1.jpg 1920w\" sizes=\"auto, (max-width: 1440px) 100vw, 1440px\" \/><\/figure>\n\n\n\n<figure class=\"wp-block-image size-large\"><img loading=\"lazy\" decoding=\"async\" width=\"1080\" height=\"1080\" src=\"https:\/\/www.friedrich-spee-realschule-plus.de\/wp-content\/uploads\/2025\/12\/Laura-Krames-6a-1-1080x1080.jpg\" alt=\"\" class=\"wp-image-5437\" srcset=\"https:\/\/www.friedrich-spee-realschule-plus.de\/wp-content\/uploads\/2025\/12\/Laura-Krames-6a-1-1080x1080.jpg 1080w, https:\/\/www.friedrich-spee-realschule-plus.de\/wp-content\/uploads\/2025\/12\/Laura-Krames-6a-1-300x300.jpg 300w, https:\/\/www.friedrich-spee-realschule-plus.de\/wp-content\/uploads\/2025\/12\/Laura-Krames-6a-1-150x150.jpg 150w, https:\/\/www.friedrich-spee-realschule-plus.de\/wp-content\/uploads\/2025\/12\/Laura-Krames-6a-1-768x768.jpg 768w, https:\/\/www.friedrich-spee-realschule-plus.de\/wp-content\/uploads\/2025\/12\/Laura-Krames-6a-1-500x500.jpg 500w, https:\/\/www.friedrich-spee-realschule-plus.de\/wp-content\/uploads\/2025\/12\/Laura-Krames-6a-1-400x400.jpg 400w, https:\/\/www.friedrich-spee-realschule-plus.de\/wp-content\/uploads\/2025\/12\/Laura-Krames-6a-1-1536x1536.jpg 1536w, https:\/\/www.friedrich-spee-realschule-plus.de\/wp-content\/uploads\/2025\/12\/Laura-Krames-6a-1.jpg 1920w\" sizes=\"auto, (max-width: 1080px) 100vw, 1080px\" \/><\/figure>\n\n\n\n<figure class=\"wp-block-image size-large\"><img loading=\"lazy\" decoding=\"async\" width=\"1080\" height=\"1080\" src=\"https:\/\/www.friedrich-spee-realschule-plus.de\/wp-content\/uploads\/2025\/12\/Justus-May-6b-1-1080x1080.jpg\" alt=\"\" class=\"wp-image-5438\" srcset=\"https:\/\/www.friedrich-spee-realschule-plus.de\/wp-content\/uploads\/2025\/12\/Justus-May-6b-1-1080x1080.jpg 1080w, https:\/\/www.friedrich-spee-realschule-plus.de\/wp-content\/uploads\/2025\/12\/Justus-May-6b-1-300x300.jpg 300w, https:\/\/www.friedrich-spee-realschule-plus.de\/wp-content\/uploads\/2025\/12\/Justus-May-6b-1-150x150.jpg 150w, https:\/\/www.friedrich-spee-realschule-plus.de\/wp-content\/uploads\/2025\/12\/Justus-May-6b-1-768x768.jpg 768w, https:\/\/www.friedrich-spee-realschule-plus.de\/wp-content\/uploads\/2025\/12\/Justus-May-6b-1-500x500.jpg 500w, https:\/\/www.friedrich-spee-realschule-plus.de\/wp-content\/uploads\/2025\/12\/Justus-May-6b-1-400x400.jpg 400w, https:\/\/www.friedrich-spee-realschule-plus.de\/wp-content\/uploads\/2025\/12\/Justus-May-6b-1-1536x1536.jpg 1536w, https:\/\/www.friedrich-spee-realschule-plus.de\/wp-content\/uploads\/2025\/12\/Justus-May-6b-1.jpg 1920w\" sizes=\"auto, (max-width: 1080px) 100vw, 1080px\" \/><\/figure>\n\n\n\n<figure class=\"wp-block-image size-large\"><img loading=\"lazy\" decoding=\"async\" width=\"1080\" height=\"1080\" src=\"https:\/\/www.friedrich-spee-realschule-plus.de\/wp-content\/uploads\/2025\/12\/Lilly-Huwer-6c-1-1080x1080.jpg\" alt=\"\" class=\"wp-image-5439\" srcset=\"https:\/\/www.friedrich-spee-realschule-plus.de\/wp-content\/uploads\/2025\/12\/Lilly-Huwer-6c-1-1080x1080.jpg 1080w, https:\/\/www.friedrich-spee-realschule-plus.de\/wp-content\/uploads\/2025\/12\/Lilly-Huwer-6c-1-300x300.jpg 300w, https:\/\/www.friedrich-spee-realschule-plus.de\/wp-content\/uploads\/2025\/12\/Lilly-Huwer-6c-1-150x150.jpg 150w, https:\/\/www.friedrich-spee-realschule-plus.de\/wp-content\/uploads\/2025\/12\/Lilly-Huwer-6c-1-768x768.jpg 768w, https:\/\/www.friedrich-spee-realschule-plus.de\/wp-content\/uploads\/2025\/12\/Lilly-Huwer-6c-1-500x500.jpg 500w, https:\/\/www.friedrich-spee-realschule-plus.de\/wp-content\/uploads\/2025\/12\/Lilly-Huwer-6c-1-400x400.jpg 400w, https:\/\/www.friedrich-spee-realschule-plus.de\/wp-content\/uploads\/2025\/12\/Lilly-Huwer-6c-1-1536x1536.jpg 1536w, https:\/\/www.friedrich-spee-realschule-plus.de\/wp-content\/uploads\/2025\/12\/Lilly-Huwer-6c-1.jpg 1920w\" sizes=\"auto, (max-width: 1080px) 100vw, 1080px\" \/><\/figure>\n\n\n\n<figure class=\"wp-block-image size-large\"><img loading=\"lazy\" decoding=\"async\" width=\"1080\" height=\"1080\" src=\"https:\/\/www.friedrich-spee-realschule-plus.de\/wp-content\/uploads\/2025\/12\/Malea-Salziger-6d-1-1080x1080.jpg\" alt=\"\" class=\"wp-image-5440\" srcset=\"https:\/\/www.friedrich-spee-realschule-plus.de\/wp-content\/uploads\/2025\/12\/Malea-Salziger-6d-1-1080x1080.jpg 1080w, https:\/\/www.friedrich-spee-realschule-plus.de\/wp-content\/uploads\/2025\/12\/Malea-Salziger-6d-1-300x300.jpg 300w, https:\/\/www.friedrich-spee-realschule-plus.de\/wp-content\/uploads\/2025\/12\/Malea-Salziger-6d-1-150x150.jpg 150w, https:\/\/www.friedrich-spee-realschule-plus.de\/wp-content\/uploads\/2025\/12\/Malea-Salziger-6d-1-768x768.jpg 768w, https:\/\/www.friedrich-spee-realschule-plus.de\/wp-content\/uploads\/2025\/12\/Malea-Salziger-6d-1-500x500.jpg 500w, https:\/\/www.friedrich-spee-realschule-plus.de\/wp-content\/uploads\/2025\/12\/Malea-Salziger-6d-1-400x400.jpg 400w, https:\/\/www.friedrich-spee-realschule-plus.de\/wp-content\/uploads\/2025\/12\/Malea-Salziger-6d-1-1536x1536.jpg 1536w, https:\/\/www.friedrich-spee-realschule-plus.de\/wp-content\/uploads\/2025\/12\/Malea-Salziger-6d-1.jpg 1920w\" sizes=\"auto, (max-width: 1080px) 100vw, 1080px\" \/><\/figure>\n\n\n\n<figure class=\"wp-block-image size-large\"><img loading=\"lazy\" decoding=\"async\" width=\"1440\" height=\"1080\" src=\"https:\/\/www.friedrich-spee-realschule-plus.de\/wp-content\/uploads\/2025\/12\/thumbnail_IMG_6038-1-1440x1080.jpg\" alt=\"\" class=\"wp-image-5441\" srcset=\"https:\/\/www.friedrich-spee-realschule-plus.de\/wp-content\/uploads\/2025\/12\/thumbnail_IMG_6038-1-1440x1080.jpg 1440w, https:\/\/www.friedrich-spee-realschule-plus.de\/wp-content\/uploads\/2025\/12\/thumbnail_IMG_6038-1-300x225.jpg 300w, https:\/\/www.friedrich-spee-realschule-plus.de\/wp-content\/uploads\/2025\/12\/thumbnail_IMG_6038-1-768x576.jpg 768w, https:\/\/www.friedrich-spee-realschule-plus.de\/wp-content\/uploads\/2025\/12\/thumbnail_IMG_6038-1-1536x1152.jpg 1536w, https:\/\/www.friedrich-spee-realschule-plus.de\/wp-content\/uploads\/2025\/12\/thumbnail_IMG_6038-1-150x113.jpg 150w, https:\/\/www.friedrich-spee-realschule-plus.de\/wp-content\/uploads\/2025\/12\/thumbnail_IMG_6038-1.jpg 1920w\" sizes=\"auto, (max-width: 1440px) 100vw, 1440px\" \/><\/figure>\n","protected":false},"excerpt":{"rendered":"<p>Spannende Abenteuer, lustige Geschichten und auch so manch trauriges Erlebnis standen auf dem Programm des Deutschunterrichts der letzten Wochen, als die Sechstkl\u00e4ssler ihre selbst ausgew\u00e4hlten B\u00fccher vorstellten. Als Klassensieger zogen dieses Mal ins Schulfinale ein: Laura Krames (6a) mit \u201eTanz der Eiskristalle\u201c von Angela Dorsey, Justus May (6b) mit \u201eEscape&#8230;<\/p>\n<p> <a class=\"continue-reading-link\" href=\"https:\/\/www.friedrich-spee-realschule-plus.de\/?p=5429\"><span>Weiter lesen ?<\/span><i class=\"crycon-right-dir\"><\/i><\/a> <\/p>\n","protected":false},"author":2,"featured_media":0,"comment_status":"closed","ping_status":"closed","sticky":false,"template":"","format":"standard","meta":{"footnotes":""},"categories":[1],"tags":[],"class_list":["post-5429","post","type-post","status-publish","format-standard","hentry","category-uncategorized"],"_links":{"self":[{"href":"https:\/\/www.friedrich-spee-realschule-plus.de\/index.php?rest_route=\/wp\/v2\/posts\/5429","targetHints":{"allow":["GET"]}}],"collection":[{"href":"https:\/\/www.friedrich-spee-realschule-plus.de\/index.php?rest_route=\/wp\/v2\/posts"}],"about":[{"href":"https:\/\/www.friedrich-spee-realschule-plus.de\/index.php?rest_route=\/wp\/v2\/types\/post"}],"author":[{"embeddable":true,"href":"https:\/\/www.friedrich-spee-realschule-plus.de\/index.php?rest_route=\/wp\/v2\/users\/2"}],"replies":[{"embeddable":true,"href":"https:\/\/www.friedrich-spee-realschule-plus.de\/index.php?rest_route=%2Fwp%2Fv2%2Fcomments&post=5429"}],"version-history":[{"count":1,"href":"https:\/\/www.friedrich-spee-realschule-plus.de\/index.php?rest_route=\/wp\/v2\/posts\/5429\/revisions"}],"predecessor-version":[{"id":5442,"href":"https:\/\/www.friedrich-spee-realschule-plus.de\/index.php?rest_route=\/wp\/v2\/posts\/5429\/revisions\/5442"}],"wp:attachment":[{"href":"https:\/\/www.friedrich-spee-realschule-plus.de\/index.php?rest_route=%2Fwp%2Fv2%2Fmedia&parent=5429"}],"wp:term":[{"taxonomy":"category","embeddable":true,"href":"https:\/\/www.friedrich-spee-realschule-plus.de\/index.php?rest_route=%2Fwp%2Fv2%2Fcategories&post=5429"},{"taxonomy":"post_tag","embeddable":true,"href":"https:\/\/www.friedrich-spee-realschule-plus.de\/index.php?rest_route=%2Fwp%2Fv2%2Ftags&post=5429"}],"curies":[{"name":"wp","href":"https:\/\/api.w.org\/{rel}","templated":true}]}}