{"id":5341,"date":"2025-10-31T13:49:38","date_gmt":"2025-10-31T12:49:38","guid":{"rendered":"https:\/\/www.friedrich-spee-realschule-plus.de\/?p=5341"},"modified":"2025-10-31T13:49:38","modified_gmt":"2025-10-31T12:49:38","slug":"teambuilding","status":"publish","type":"post","link":"https:\/\/www.friedrich-spee-realschule-plus.de\/?p=5341","title":{"rendered":"Teambuilding"},"content":{"rendered":"\n<p>Unter dem Motto des Pr\u00e4ventionsprogrammes \u201eGemeinsam Klasse sein\u201c haben die Sch\u00fcler*innen der Klassenstufe sechs an einem klassen\u00fcbergreifenden Teambuildingprojekt teilgenommen, bei dem die Sch\u00fcler*innen in den Austausch kommen und ihre Probleml\u00f6sef\u00e4higkeiten unter Beweis stellen konnten. Es wurde gemeinsam gekocht, gebastelt und sich kniffligen Aufgaben gestellt, die mit Bravour gemeistert werden konnten.<\/p>\n\n\n\n<figure class=\"wp-block-image size-large\"><img loading=\"lazy\" decoding=\"async\" width=\"1440\" height=\"1080\" src=\"https:\/\/www.friedrich-spee-realschule-plus.de\/wp-content\/uploads\/2025\/10\/Klassentag-2025-Klasse-6-Jungs-1440x1080.jpg\" alt=\"\" class=\"wp-image-5342\" srcset=\"https:\/\/www.friedrich-spee-realschule-plus.de\/wp-content\/uploads\/2025\/10\/Klassentag-2025-Klasse-6-Jungs-1440x1080.jpg 1440w, https:\/\/www.friedrich-spee-realschule-plus.de\/wp-content\/uploads\/2025\/10\/Klassentag-2025-Klasse-6-Jungs-300x225.jpg 300w, https:\/\/www.friedrich-spee-realschule-plus.de\/wp-content\/uploads\/2025\/10\/Klassentag-2025-Klasse-6-Jungs-768x576.jpg 768w, https:\/\/www.friedrich-spee-realschule-plus.de\/wp-content\/uploads\/2025\/10\/Klassentag-2025-Klasse-6-Jungs-1536x1152.jpg 1536w, https:\/\/www.friedrich-spee-realschule-plus.de\/wp-content\/uploads\/2025\/10\/Klassentag-2025-Klasse-6-Jungs-2048x1536.jpg 2048w, https:\/\/www.friedrich-spee-realschule-plus.de\/wp-content\/uploads\/2025\/10\/Klassentag-2025-Klasse-6-Jungs-150x113.jpg 150w\" sizes=\"auto, (max-width: 1440px) 100vw, 1440px\" \/><\/figure>\n\n\n\n<figure class=\"wp-block-image size-large\"><img loading=\"lazy\" decoding=\"async\" width=\"1624\" height=\"1080\" src=\"https:\/\/www.friedrich-spee-realschule-plus.de\/wp-content\/uploads\/2025\/10\/Platz-in-der-kleinsten-Huette-Uebung-Klasse-6-2025-1624x1080.jpg\" alt=\"\" class=\"wp-image-5343\" srcset=\"https:\/\/www.friedrich-spee-realschule-plus.de\/wp-content\/uploads\/2025\/10\/Platz-in-der-kleinsten-Huette-Uebung-Klasse-6-2025-1624x1080.jpg 1624w, https:\/\/www.friedrich-spee-realschule-plus.de\/wp-content\/uploads\/2025\/10\/Platz-in-der-kleinsten-Huette-Uebung-Klasse-6-2025-300x200.jpg 300w, https:\/\/www.friedrich-spee-realschule-plus.de\/wp-content\/uploads\/2025\/10\/Platz-in-der-kleinsten-Huette-Uebung-Klasse-6-2025-768x511.jpg 768w, https:\/\/www.friedrich-spee-realschule-plus.de\/wp-content\/uploads\/2025\/10\/Platz-in-der-kleinsten-Huette-Uebung-Klasse-6-2025-1536x1021.jpg 1536w, https:\/\/www.friedrich-spee-realschule-plus.de\/wp-content\/uploads\/2025\/10\/Platz-in-der-kleinsten-Huette-Uebung-Klasse-6-2025-2048x1362.jpg 2048w, https:\/\/www.friedrich-spee-realschule-plus.de\/wp-content\/uploads\/2025\/10\/Platz-in-der-kleinsten-Huette-Uebung-Klasse-6-2025-150x100.jpg 150w\" sizes=\"auto, (max-width: 1624px) 100vw, 1624px\" \/><\/figure>\n\n\n\n<figure class=\"wp-block-image size-large\"><img loading=\"lazy\" decoding=\"async\" width=\"810\" height=\"1080\" src=\"https:\/\/www.friedrich-spee-realschule-plus.de\/wp-content\/uploads\/2025\/10\/Zollstoeckuebung-Klasse-6-2025-810x1080.jpg\" alt=\"\" class=\"wp-image-5344\" srcset=\"https:\/\/www.friedrich-spee-realschule-plus.de\/wp-content\/uploads\/2025\/10\/Zollstoeckuebung-Klasse-6-2025-810x1080.jpg 810w, https:\/\/www.friedrich-spee-realschule-plus.de\/wp-content\/uploads\/2025\/10\/Zollstoeckuebung-Klasse-6-2025-225x300.jpg 225w, https:\/\/www.friedrich-spee-realschule-plus.de\/wp-content\/uploads\/2025\/10\/Zollstoeckuebung-Klasse-6-2025-768x1024.jpg 768w, https:\/\/www.friedrich-spee-realschule-plus.de\/wp-content\/uploads\/2025\/10\/Zollstoeckuebung-Klasse-6-2025-1152x1536.jpg 1152w, https:\/\/www.friedrich-spee-realschule-plus.de\/wp-content\/uploads\/2025\/10\/Zollstoeckuebung-Klasse-6-2025-1536x2048.jpg 1536w, https:\/\/www.friedrich-spee-realschule-plus.de\/wp-content\/uploads\/2025\/10\/Zollstoeckuebung-Klasse-6-2025-113x150.jpg 113w, https:\/\/www.friedrich-spee-realschule-plus.de\/wp-content\/uploads\/2025\/10\/Zollstoeckuebung-Klasse-6-2025.jpg 1778w\" sizes=\"auto, (max-width: 810px) 100vw, 810px\" \/><\/figure>\n","protected":false},"excerpt":{"rendered":"<p>Unter dem Motto des Pr\u00e4ventionsprogrammes \u201eGemeinsam Klasse sein\u201c haben die Sch\u00fcler*innen der Klassenstufe sechs an einem klassen\u00fcbergreifenden Teambuildingprojekt teilgenommen, bei dem die Sch\u00fcler*innen in den Austausch kommen und ihre Probleml\u00f6sef\u00e4higkeiten unter Beweis stellen konnten. Es wurde gemeinsam gekocht, gebastelt und sich kniffligen Aufgaben gestellt, die mit Bravour gemeistert werden konnten.<\/p>\n<p> <a class=\"continue-reading-link\" href=\"https:\/\/www.friedrich-spee-realschule-plus.de\/?p=5341\"><span>Weiter lesen ?<\/span><i class=\"crycon-right-dir\"><\/i><\/a> <\/p>\n","protected":false},"author":2,"featured_media":0,"comment_status":"closed","ping_status":"closed","sticky":false,"template":"","format":"standard","meta":{"footnotes":""},"categories":[1],"tags":[],"class_list":["post-5341","post","type-post","status-publish","format-standard","hentry","category-uncategorized"],"_links":{"self":[{"href":"https:\/\/www.friedrich-spee-realschule-plus.de\/index.php?rest_route=\/wp\/v2\/posts\/5341","targetHints":{"allow":["GET"]}}],"collection":[{"href":"https:\/\/www.friedrich-spee-realschule-plus.de\/index.php?rest_route=\/wp\/v2\/posts"}],"about":[{"href":"https:\/\/www.friedrich-spee-realschule-plus.de\/index.php?rest_route=\/wp\/v2\/types\/post"}],"author":[{"embeddable":true,"href":"https:\/\/www.friedrich-spee-realschule-plus.de\/index.php?rest_route=\/wp\/v2\/users\/2"}],"replies":[{"embeddable":true,"href":"https:\/\/www.friedrich-spee-realschule-plus.de\/index.php?rest_route=%2Fwp%2Fv2%2Fcomments&post=5341"}],"version-history":[{"count":1,"href":"https:\/\/www.friedrich-spee-realschule-plus.de\/index.php?rest_route=\/wp\/v2\/posts\/5341\/revisions"}],"predecessor-version":[{"id":5345,"href":"https:\/\/www.friedrich-spee-realschule-plus.de\/index.php?rest_route=\/wp\/v2\/posts\/5341\/revisions\/5345"}],"wp:attachment":[{"href":"https:\/\/www.friedrich-spee-realschule-plus.de\/index.php?rest_route=%2Fwp%2Fv2%2Fmedia&parent=5341"}],"wp:term":[{"taxonomy":"category","embeddable":true,"href":"https:\/\/www.friedrich-spee-realschule-plus.de\/index.php?rest_route=%2Fwp%2Fv2%2Fcategories&post=5341"},{"taxonomy":"post_tag","embeddable":true,"href":"https:\/\/www.friedrich-spee-realschule-plus.de\/index.php?rest_route=%2Fwp%2Fv2%2Ftags&post=5341"}],"curies":[{"name":"wp","href":"https:\/\/api.w.org\/{rel}","templated":true}]}}