{"id":5331,"date":"2025-10-10T11:55:30","date_gmt":"2025-10-10T09:55:30","guid":{"rendered":"https:\/\/www.friedrich-spee-realschule-plus.de\/?p=5331"},"modified":"2025-10-10T11:56:00","modified_gmt":"2025-10-10T09:56:00","slug":"einladung-zum-elterninformationsabend","status":"publish","type":"post","link":"https:\/\/www.friedrich-spee-realschule-plus.de\/?p=5331","title":{"rendered":"Einladung zum Elterninformationsabend"},"content":{"rendered":"\n<p>Sehr geehrte Eltern und Erziehungsberechtigte,<br>am <strong>Mittwoch, den 26.11.2025<\/strong> findet in der Aula der Friedrich-Spee-Realschule plus um <strong>19.00 Uhr<\/strong> eine Informationsveranstaltung zum p\u00e4dagogischen Konzept der Schule statt, zu der Sie herzlich eingeladen sind.<br>Nach einem kurzen \u00dcberblick \u00fcber das Profil der kooperativen Realschule werden Sie von Lehrerinnen und Lehrern durch das Schulgeb\u00e4ude gef\u00fchrt, um sich einen \u00dcberblick \u00fcber das gro\u00dfz\u00fcgige Raumangebot zu verschaffen. An verschiedenen Stationen werden Sie von Fachlehrkr\u00e4ften \u00fcber spezifische Besonderheiten unserer Schule informiert. Dazu z\u00e4hlen das Ganztagsschulkonzept, der naturwissenschaftliche Unterricht, die Wahlpflichtf\u00e4cher mit der Berufsorientierung, das Kompetenztraining, die Medienausstattung bzw. deren Nutzung und Informationen dazu, wie Ihre Kinder in der Orientierungsstufe in Klasse 5 und 6 starten.<\/p>\n\n\n\n<figure class=\"wp-block-image size-full\"><img loading=\"lazy\" decoding=\"async\" width=\"609\" height=\"493\" src=\"https:\/\/www.friedrich-spee-realschule-plus.de\/wp-content\/uploads\/2025\/10\/image.png\" alt=\"\" class=\"wp-image-5332\" srcset=\"https:\/\/www.friedrich-spee-realschule-plus.de\/wp-content\/uploads\/2025\/10\/image.png 609w, https:\/\/www.friedrich-spee-realschule-plus.de\/wp-content\/uploads\/2025\/10\/image-300x243.png 300w, https:\/\/www.friedrich-spee-realschule-plus.de\/wp-content\/uploads\/2025\/10\/image-150x121.png 150w\" sizes=\"auto, (max-width: 609px) 100vw, 609px\" \/><\/figure>\n\n\n\n<p>Im Anschluss besteht die M\u00f6glichkeit zum individuellen Gespr\u00e4ch mit der Schulleitung und Fachlehrkr\u00e4ften. Die Schulgemeinschaft der Friedrich-Spee-Realschule plus freut sich auf Ihr Kommen.<br><br>Ihre Kinder werden in einem getrennten Schreiben zum Schnuppernachmittag am 02.12.2025 eingeladen. Bitte melden Sie ihr Kind dazu bis zum 26.11.2025 an.<br><br>Mit freundlichen Gr\u00fc\u00dfen<br>Mario Coss\u00e9, Rektor<\/p>\n","protected":false},"excerpt":{"rendered":"<p>Sehr geehrte Eltern und Erziehungsberechtigte,am Mittwoch, den 26.11.2025 findet in der Aula der Friedrich-Spee-Realschule plus um 19.00 Uhr eine Informationsveranstaltung zum p\u00e4dagogischen Konzept der Schule statt, zu der Sie herzlich eingeladen sind.Nach einem kurzen \u00dcberblick \u00fcber das Profil der kooperativen Realschule werden Sie von Lehrerinnen und Lehrern durch das Schulgeb\u00e4ude&#8230;<\/p>\n<p> <a class=\"continue-reading-link\" href=\"https:\/\/www.friedrich-spee-realschule-plus.de\/?p=5331\"><span>Weiter lesen ?<\/span><i class=\"crycon-right-dir\"><\/i><\/a> <\/p>\n","protected":false},"author":3,"featured_media":0,"comment_status":"closed","ping_status":"closed","sticky":false,"template":"","format":"standard","meta":{"footnotes":""},"categories":[15],"tags":[],"class_list":["post-5331","post","type-post","status-publish","format-standard","hentry","category-news"],"_links":{"self":[{"href":"https:\/\/www.friedrich-spee-realschule-plus.de\/index.php?rest_route=\/wp\/v2\/posts\/5331","targetHints":{"allow":["GET"]}}],"collection":[{"href":"https:\/\/www.friedrich-spee-realschule-plus.de\/index.php?rest_route=\/wp\/v2\/posts"}],"about":[{"href":"https:\/\/www.friedrich-spee-realschule-plus.de\/index.php?rest_route=\/wp\/v2\/types\/post"}],"author":[{"embeddable":true,"href":"https:\/\/www.friedrich-spee-realschule-plus.de\/index.php?rest_route=\/wp\/v2\/users\/3"}],"replies":[{"embeddable":true,"href":"https:\/\/www.friedrich-spee-realschule-plus.de\/index.php?rest_route=%2Fwp%2Fv2%2Fcomments&post=5331"}],"version-history":[{"count":1,"href":"https:\/\/www.friedrich-spee-realschule-plus.de\/index.php?rest_route=\/wp\/v2\/posts\/5331\/revisions"}],"predecessor-version":[{"id":5333,"href":"https:\/\/www.friedrich-spee-realschule-plus.de\/index.php?rest_route=\/wp\/v2\/posts\/5331\/revisions\/5333"}],"wp:attachment":[{"href":"https:\/\/www.friedrich-spee-realschule-plus.de\/index.php?rest_route=%2Fwp%2Fv2%2Fmedia&parent=5331"}],"wp:term":[{"taxonomy":"category","embeddable":true,"href":"https:\/\/www.friedrich-spee-realschule-plus.de\/index.php?rest_route=%2Fwp%2Fv2%2Fcategories&post=5331"},{"taxonomy":"post_tag","embeddable":true,"href":"https:\/\/www.friedrich-spee-realschule-plus.de\/index.php?rest_route=%2Fwp%2Fv2%2Ftags&post=5331"}],"curies":[{"name":"wp","href":"https:\/\/api.w.org\/{rel}","templated":true}]}}