{"id":5304,"date":"2025-08-11T10:35:07","date_gmt":"2025-08-11T08:35:07","guid":{"rendered":"https:\/\/www.friedrich-spee-realschule-plus.de\/?p=5304"},"modified":"2025-08-11T10:35:07","modified_gmt":"2025-08-11T08:35:07","slug":"betreff-informationen-zum-oepnv-zum-schulstart","status":"publish","type":"post","link":"https:\/\/www.friedrich-spee-realschule-plus.de\/?p=5304","title":{"rendered":"Betreff: Informationen zum \u00d6PNV zum Schulstart"},"content":{"rendered":"\n<p>Sehr geehrte Damen und Herren,<\/p>\n\n\n\n<p>zum Schulstart in der n\u00e4chsten Woche laufen wieder die allj\u00e4hrlichen Vorbereitungen auf Hochtouren. Daher in Sachen \u00d6PNV wichtige Informationen mit der Bitte, diese \u00fcber Ihre Kan\u00e4le und M\u00f6glichkeiten an die Sch\u00fcler\/-innen und deren Eltern zu verteilen:<\/p>\n\n\n\n<ol start=\"1\" class=\"wp-block-list\">\n<li><strong>Fahrplan\u00e4nderungen zum Schuljahresbeginn<\/strong><\/li>\n<\/ol>\n\n\n\n<p>Bedingt durch generelle Anpassungen aber auch aufgrund von aktuell vielen Stra\u00dfensperrungen empfehlen wir jedem, nochmals die Abfahrtszeiten zu und von den Schulen zu pr\u00fcfen. Hierzu verweise ich auf die entsprechende Meldung des VRT, die unter <a href=\"https:\/\/www.vrt-info.de\/aktuelles\/schulstart_2025\">https:\/\/www.vrt-info.de\/aktuelles\/schulstart_2025<\/a><\/p>\n\n\n\n<p>zu finden ist.<\/p>\n\n\n\n<ol start=\"2\" class=\"wp-block-list\">\n<li><strong>Regelm\u00e4\u00dfige Probleme zum Schuljahresbeginn<\/strong><\/li>\n<\/ol>\n\n\n\n<p>Zu Schuljahresbeginn kommt es regelm\u00e4\u00dfig an einigen Stellen zu \u00dcberf\u00fcllung der Busse aufgrund falscher Verteilung der Sch\u00fcler\/-innen bzw. anderer Verteilung der Sch\u00fcler\/-innen, da noch kein durchg\u00e4ngig regul\u00e4rer Schulbetrieb stattfindet, etc\u2026<\/p>\n\n\n\n<p>Ebenso kann es zu berufsverkehrsbedingten Versp\u00e4tungen o.\u00e4. kommen. Ich kann Ihnen versichert, dass wir diese Dinge im Blick haben werden und wenn erforderlich mit evtl. erforderlichen Fahrplananpassungen nachsteuern werden.<\/p>\n\n\n\n<ol start=\"3\" class=\"wp-block-list\">\n<li><strong>Beschwerdemanagement<\/strong><\/li>\n<\/ol>\n\n\n\n<p>Ihre schriftlichen Beschwerden gehen den k\u00fcrzesten Weg, wenn sie direkt in dieses Formular eingegeben werden. Die Beschwerden und Anmerkungen gehen ohne Umweg an den zust\u00e4ndigen Partner zur Bearbeitung weiter. Gleichzeitig haben jedoch auch wir als Aufgabentr\u00e4ger einen Einblick hierauf. Gleichzeitige Mails an die Kreisverwaltung, den VRT und die Verkehrsunternehmen er\u00fcbrigen sich damit, weil alle Partner auf das gleiche System zugreifen k\u00f6nnen. Wichtig ist bei Beschwerden die m\u00f6glichst konkrete Angabe der Strecken mit Liniennummer und Fahrt bzw. Fahrtzeit. Hier geht&#8217;s zum&nbsp;<a href=\"https:\/\/www.vrt-info.de\/kontakt\/kontaktformular\">Kontaktformular<\/a>.<\/p>\n\n\n\n<ol start=\"4\" class=\"wp-block-list\">\n<li><strong>Verlegung ZOB Wittlich aufgrund der S\u00e4ubrennerkirmes<\/strong><\/li>\n<\/ol>\n\n\n\n<p>Aufgrund der S\u00e4ubrennerkirmes ist der ZOB Wittlich von Mittwoch, 13.08.2025, bis einschlie\u00dflich Mittwoch 20.08.2025, gesperrt und wird in den Bereich des Parkplatzes Talweg \/ Beethovenstra\u00dfe (bei der Clara-Viebig-Realschule) verlegt. Zu Ihrer Information habe ich Ihnen den Steigbelegungsplan an der Ersatzhaltestelle (und zum Vergleich auch des ZOB Wittlich) beigef\u00fcgt.<\/p>\n\n\n\n<ol start=\"5\" class=\"wp-block-list\">\n<li><strong>Probefahrt<\/strong><\/li>\n<\/ol>\n\n\n\n<p>Der Anmeldeschluss f\u00fcr die \u201eProbefahrt\u201c wurde bis zum 14.08.2025 verl\u00e4ngert. Weitere Infos finden Sie unter <a href=\"https:\/\/www.vrt-info.de\/probefahrt\">https:\/\/www.vrt-info.de\/probefahrt<\/a>.<\/p>\n\n\n\n<ol start=\"6\" class=\"wp-block-list\">\n<li><strong>Sch\u00fclerfreizeitticket<\/strong><\/li>\n<\/ol>\n\n\n\n<p>Abschlie\u00dfend m\u00f6chte ich die Sch\u00fcler\/-innen, die keinen Anspruch auf eine Fahrkarte im Rahmen der Sch\u00fclerbef\u00f6rderung haben, auf das Sch\u00fclerfreizeitticket des VRT hinweisen. Dieses erm\u00f6glicht die \u00d6PNV-Nutzung in der gesamten Region Trier au\u00dferhalb der Schulzeit (werktags ab 14 Uhr, ganzt\u00e4tig an Wochenenden, Feiertagen und in den Schulferien) f\u00fcr 132 \u20ac\/Jahr, bzw. 11 \u20ac\/Monat. Weitere Informationen hierzu finden Sie unter <a href=\"https:\/\/www.vrt-info.de\/tickets\/schueler-freizeitticket\">https:\/\/www.vrt-info.de\/tickets\/schueler-freizeitticket<\/a><\/p>\n\n\n\n<p>Ich w\u00fcnschen Ihnen allen einen guten Schulstart! Mit freundlichen Gr\u00fc\u00dfen<br>Im Auftrag<br>Renate Kemmer<\/p>\n","protected":false},"excerpt":{"rendered":"<p>Sehr geehrte Damen und Herren, zum Schulstart in der n\u00e4chsten Woche laufen wieder die allj\u00e4hrlichen Vorbereitungen auf Hochtouren. Daher in Sachen \u00d6PNV wichtige Informationen mit der Bitte, diese \u00fcber Ihre Kan\u00e4le und M\u00f6glichkeiten an die Sch\u00fcler\/-innen und deren Eltern zu verteilen: Bedingt durch generelle Anpassungen aber auch aufgrund von aktuell&#8230;<\/p>\n<p> <a class=\"continue-reading-link\" href=\"https:\/\/www.friedrich-spee-realschule-plus.de\/?p=5304\"><span>Weiter lesen ?<\/span><i class=\"crycon-right-dir\"><\/i><\/a> <\/p>\n","protected":false},"author":2,"featured_media":0,"comment_status":"closed","ping_status":"closed","sticky":false,"template":"","format":"standard","meta":{"footnotes":""},"categories":[1],"tags":[],"class_list":["post-5304","post","type-post","status-publish","format-standard","hentry","category-uncategorized"],"_links":{"self":[{"href":"https:\/\/www.friedrich-spee-realschule-plus.de\/index.php?rest_route=\/wp\/v2\/posts\/5304","targetHints":{"allow":["GET"]}}],"collection":[{"href":"https:\/\/www.friedrich-spee-realschule-plus.de\/index.php?rest_route=\/wp\/v2\/posts"}],"about":[{"href":"https:\/\/www.friedrich-spee-realschule-plus.de\/index.php?rest_route=\/wp\/v2\/types\/post"}],"author":[{"embeddable":true,"href":"https:\/\/www.friedrich-spee-realschule-plus.de\/index.php?rest_route=\/wp\/v2\/users\/2"}],"replies":[{"embeddable":true,"href":"https:\/\/www.friedrich-spee-realschule-plus.de\/index.php?rest_route=%2Fwp%2Fv2%2Fcomments&post=5304"}],"version-history":[{"count":1,"href":"https:\/\/www.friedrich-spee-realschule-plus.de\/index.php?rest_route=\/wp\/v2\/posts\/5304\/revisions"}],"predecessor-version":[{"id":5305,"href":"https:\/\/www.friedrich-spee-realschule-plus.de\/index.php?rest_route=\/wp\/v2\/posts\/5304\/revisions\/5305"}],"wp:attachment":[{"href":"https:\/\/www.friedrich-spee-realschule-plus.de\/index.php?rest_route=%2Fwp%2Fv2%2Fmedia&parent=5304"}],"wp:term":[{"taxonomy":"category","embeddable":true,"href":"https:\/\/www.friedrich-spee-realschule-plus.de\/index.php?rest_route=%2Fwp%2Fv2%2Fcategories&post=5304"},{"taxonomy":"post_tag","embeddable":true,"href":"https:\/\/www.friedrich-spee-realschule-plus.de\/index.php?rest_route=%2Fwp%2Fv2%2Ftags&post=5304"}],"curies":[{"name":"wp","href":"https:\/\/api.w.org\/{rel}","templated":true}]}}