{"id":4232,"date":"2022-07-06T08:21:20","date_gmt":"2022-07-06T06:21:20","guid":{"rendered":"https:\/\/www.friedrich-spee-realschule-plus.de\/?p=4232"},"modified":"2022-07-06T08:21:20","modified_gmt":"2022-07-06T06:21:20","slug":"praxistag-im-bildungsgang-zur-berufsreife-der-realschule-plus-neumagen-dhron","status":"publish","type":"post","link":"https:\/\/www.friedrich-spee-realschule-plus.de\/?p=4232","title":{"rendered":"<strong>Praxistag im Bildungsgang zur Berufsreife der Realschule plus Neumagen-Dhron<\/strong>"},"content":{"rendered":"\n<p><strong>IHK-Trier unterst\u00fctzt bei der betrieblichen Lernaufgabe<\/strong><\/p>\n\n\n\n<p>F\u00fcr die Abschlussklasse des Bildungsgangs zur Berufsreife an der Friedrich-Spee-Realschule plus stand in diesem Schuljahr wieder der so genannte Praxistag an. Einmal pro Woche lernten die Sch\u00fclerInnen nicht am gewohnten Lernort Schule, sondern arbeiteten in Betrieben. Dieser Tag diente der vertieften Berufsorientierung und der Erleichterung des \u00dcbergangs von der Schule in einen Betrieb. Viele unserer Abschlusssch\u00fcler fanden dadurch eine Lehrstelle.<\/p>\n\n\n\n<p>Die Sch\u00fclerInnen suchten sich, in engem Kontakt mit der Schule und der IHK Trier, eine eigene \u201eBesondere betriebliche Lernaufgabe\u201c. Sie planten und realisierten diese im Betrieb und im Berufsorientierungsunterricht.&nbsp; Begleitet wurden sie au\u00dferdem durch die BerufsorientierungslehrerInnen Frau Iskra und Herr Thomas, sowie durch die Betreuer in den Betrieben. Im Rahmen einer Zwischenpr\u00fcfung und eines Abschlusskolloquiums mit Pr\u00e4sentation der \u201eBesonderen betrieblichen Lernaufgabe\u201c wurden die Sch\u00fclerInnen von Pr\u00fcfern der IHK Trier auf ihre Berufsreife gepr\u00fcft.<\/p>\n\n\n\n<p>In besonderem Ma\u00dfe haben sich der Sch\u00fcler Lucas Matheus, der ein Modell eines Flachdachs pr\u00e4sentierte, und die Sch\u00fclerin Larisa Domitrovic, die mit einer praktischen Demonstration \u201eWie decke ich Tische zu verschiedenen Mahlzeiten und Anl\u00e4ssen richtig ein?\u201c gl\u00e4nzte, engagiert. Die zuvor genannten Sch\u00fclerInnen bestanden die Abschlusspr\u00fcfung mit der Note \u201esehr gut\u201c. Lucas absolvierte sein Praktikum bei Esseln Bedachungen in Piesport und Larisa im Eurostrand Resort Moseltal in Leiwen.<\/p>\n\n\n\n<p>Die Friedrich-Spee-Realschule plus und die IHK, unter Leitung von Herrn Oster, stellen durch das Projekt eine inhaltliche Aufwertung des Praxistages sicher, sehen f\u00fcr die Teilnehmer eine gr\u00f6\u00dfere Chance auf eine Lehrstelle und werben bei Betrieben daf\u00fcr, sich an der praktischen Vorbildung k\u00fcnftiger Azubis zu beteiligen.<\/p>\n\n\n\n<p>Daher gilt auch ein besonderer Dank allen teilnehmenden Betrieben mit ihren Praxistagbetreuern, die sich aufgeschlossen gegen\u00fcber dem Projekt zeigten.<\/p>\n\n\n\n<p>Wir w\u00fcnschen allen Abschlusssch\u00fclern der Klasse 9c viel Erfolg auf ihrem weiteren Lebensweg.<\/p>\n\n\n\n<figure class=\"wp-block-image size-large\"><img loading=\"lazy\" decoding=\"async\" width=\"1440\" height=\"1080\" src=\"https:\/\/www.friedrich-spee-realschule-plus.de\/wp-content\/uploads\/2022\/07\/Pressebericht-Larisa-1440x1080.png\" alt=\"\" class=\"wp-image-4233\" srcset=\"https:\/\/www.friedrich-spee-realschule-plus.de\/wp-content\/uploads\/2022\/07\/Pressebericht-Larisa-1440x1080.png 1440w, https:\/\/www.friedrich-spee-realschule-plus.de\/wp-content\/uploads\/2022\/07\/Pressebericht-Larisa-300x225.png 300w, https:\/\/www.friedrich-spee-realschule-plus.de\/wp-content\/uploads\/2022\/07\/Pressebericht-Larisa-768x576.png 768w, https:\/\/www.friedrich-spee-realschule-plus.de\/wp-content\/uploads\/2022\/07\/Pressebericht-Larisa-1536x1152.png 1536w, https:\/\/www.friedrich-spee-realschule-plus.de\/wp-content\/uploads\/2022\/07\/Pressebericht-Larisa-150x113.png 150w, https:\/\/www.friedrich-spee-realschule-plus.de\/wp-content\/uploads\/2022\/07\/Pressebericht-Larisa.png 2016w\" sizes=\"auto, (max-width: 1440px) 100vw, 1440px\" \/><figcaption>Larissa Domitrovic<\/figcaption><\/figure>\n\n\n\n<figure class=\"wp-block-image size-large\"><img loading=\"lazy\" decoding=\"async\" width=\"1791\" height=\"1080\" src=\"https:\/\/www.friedrich-spee-realschule-plus.de\/wp-content\/uploads\/2022\/07\/Pressebericht-Lucas-1791x1080.jpg\" alt=\"\" class=\"wp-image-4234\" srcset=\"https:\/\/www.friedrich-spee-realschule-plus.de\/wp-content\/uploads\/2022\/07\/Pressebericht-Lucas-1791x1080.jpg 1791w, https:\/\/www.friedrich-spee-realschule-plus.de\/wp-content\/uploads\/2022\/07\/Pressebericht-Lucas-300x181.jpg 300w, https:\/\/www.friedrich-spee-realschule-plus.de\/wp-content\/uploads\/2022\/07\/Pressebericht-Lucas-768x463.jpg 768w, https:\/\/www.friedrich-spee-realschule-plus.de\/wp-content\/uploads\/2022\/07\/Pressebericht-Lucas-1536x926.jpg 1536w, https:\/\/www.friedrich-spee-realschule-plus.de\/wp-content\/uploads\/2022\/07\/Pressebericht-Lucas-2048x1235.jpg 2048w, https:\/\/www.friedrich-spee-realschule-plus.de\/wp-content\/uploads\/2022\/07\/Pressebericht-Lucas-150x90.jpg 150w\" sizes=\"auto, (max-width: 1791px) 100vw, 1791px\" \/><figcaption>Lucas Matheus<\/figcaption><\/figure>\n\n\n\n<figure class=\"wp-block-image size-large\"><img loading=\"lazy\" decoding=\"async\" width=\"486\" height=\"1080\" src=\"https:\/\/www.friedrich-spee-realschule-plus.de\/wp-content\/uploads\/2022\/07\/Pressebericht-Lucas-2-486x1080.jpg\" alt=\"\" class=\"wp-image-4235\" srcset=\"https:\/\/www.friedrich-spee-realschule-plus.de\/wp-content\/uploads\/2022\/07\/Pressebericht-Lucas-2-486x1080.jpg 486w, https:\/\/www.friedrich-spee-realschule-plus.de\/wp-content\/uploads\/2022\/07\/Pressebericht-Lucas-2-135x300.jpg 135w, https:\/\/www.friedrich-spee-realschule-plus.de\/wp-content\/uploads\/2022\/07\/Pressebericht-Lucas-2-768x1707.jpg 768w, https:\/\/www.friedrich-spee-realschule-plus.de\/wp-content\/uploads\/2022\/07\/Pressebericht-Lucas-2-691x1536.jpg 691w, https:\/\/www.friedrich-spee-realschule-plus.de\/wp-content\/uploads\/2022\/07\/Pressebericht-Lucas-2-922x2048.jpg 922w, https:\/\/www.friedrich-spee-realschule-plus.de\/wp-content\/uploads\/2022\/07\/Pressebericht-Lucas-2-68x150.jpg 68w, https:\/\/www.friedrich-spee-realschule-plus.de\/wp-content\/uploads\/2022\/07\/Pressebericht-Lucas-2-scaled.jpg 1152w\" sizes=\"auto, (max-width: 486px) 100vw, 486px\" \/><figcaption>Lucas Matheus<\/figcaption><\/figure>\n","protected":false},"excerpt":{"rendered":"<p>IHK-Trier unterst\u00fctzt bei der betrieblichen Lernaufgabe F\u00fcr die Abschlussklasse des Bildungsgangs zur Berufsreife an der Friedrich-Spee-Realschule plus stand in diesem Schuljahr wieder der so genannte Praxistag an. Einmal pro Woche lernten die Sch\u00fclerInnen nicht am gewohnten Lernort Schule, sondern arbeiteten in Betrieben. Dieser Tag diente der vertieften Berufsorientierung und der&#8230;<\/p>\n<p> <a class=\"continue-reading-link\" href=\"https:\/\/www.friedrich-spee-realschule-plus.de\/?p=4232\"><span>Weiter lesen ?<\/span><i class=\"crycon-right-dir\"><\/i><\/a> <\/p>\n","protected":false},"author":2,"featured_media":4234,"comment_status":"closed","ping_status":"closed","sticky":false,"template":"","format":"standard","meta":{"footnotes":""},"categories":[15,26],"tags":[],"class_list":["post-4232","post","type-post","status-publish","format-standard","has-post-thumbnail","hentry","category-news","category-schulleben"],"_links":{"self":[{"href":"https:\/\/www.friedrich-spee-realschule-plus.de\/index.php?rest_route=\/wp\/v2\/posts\/4232","targetHints":{"allow":["GET"]}}],"collection":[{"href":"https:\/\/www.friedrich-spee-realschule-plus.de\/index.php?rest_route=\/wp\/v2\/posts"}],"about":[{"href":"https:\/\/www.friedrich-spee-realschule-plus.de\/index.php?rest_route=\/wp\/v2\/types\/post"}],"author":[{"embeddable":true,"href":"https:\/\/www.friedrich-spee-realschule-plus.de\/index.php?rest_route=\/wp\/v2\/users\/2"}],"replies":[{"embeddable":true,"href":"https:\/\/www.friedrich-spee-realschule-plus.de\/index.php?rest_route=%2Fwp%2Fv2%2Fcomments&post=4232"}],"version-history":[{"count":1,"href":"https:\/\/www.friedrich-spee-realschule-plus.de\/index.php?rest_route=\/wp\/v2\/posts\/4232\/revisions"}],"predecessor-version":[{"id":4236,"href":"https:\/\/www.friedrich-spee-realschule-plus.de\/index.php?rest_route=\/wp\/v2\/posts\/4232\/revisions\/4236"}],"wp:featuredmedia":[{"embeddable":true,"href":"https:\/\/www.friedrich-spee-realschule-plus.de\/index.php?rest_route=\/wp\/v2\/media\/4234"}],"wp:attachment":[{"href":"https:\/\/www.friedrich-spee-realschule-plus.de\/index.php?rest_route=%2Fwp%2Fv2%2Fmedia&parent=4232"}],"wp:term":[{"taxonomy":"category","embeddable":true,"href":"https:\/\/www.friedrich-spee-realschule-plus.de\/index.php?rest_route=%2Fwp%2Fv2%2Fcategories&post=4232"},{"taxonomy":"post_tag","embeddable":true,"href":"https:\/\/www.friedrich-spee-realschule-plus.de\/index.php?rest_route=%2Fwp%2Fv2%2Ftags&post=4232"}],"curies":[{"name":"wp","href":"https:\/\/api.w.org\/{rel}","templated":true}]}}