{"id":2440,"date":"2018-08-13T06:42:36","date_gmt":"2018-08-13T06:42:36","guid":{"rendered":"https:\/\/www.friedrich-spee-realschule-plus.de\/?p=2440"},"modified":"2018-08-13T06:42:36","modified_gmt":"2018-08-13T06:42:36","slug":"schoen-dass-du-da-bist","status":"publish","type":"post","link":"https:\/\/www.friedrich-spee-realschule-plus.de\/?p=2440","title":{"rendered":"&#8222;Sch\u00f6n, dass du da bist!&#8220;"},"content":{"rendered":"<p><strong>Einschulungsfeier der neuen F\u00fcnftkl\u00e4ssler an der Friedrich-Spee-Realschule plus in Neumagen-Dhron<\/strong><\/p>\n<p>&nbsp;<\/p>\n<p>Am Dienstag, den 07.08.2018, war es so weit. Erwartungsvolle und aufgeregte neue Sch\u00fcler und Sch\u00fclerinnen kamen mit ihren Eltern zur Feier ihres ersten Schultages. Begr\u00fc\u00dft wurden sie in der sch\u00f6n geschm\u00fcckten Turnhalle mit einem unterhaltsamen Programm der 6. Klassen. Diese pr\u00e4sentierten ein Begr\u00fc\u00dfungslied, ein Gedicht sowie ein witziges Theaterst\u00fcck \u00a0zum Alltag in der Schule und ein Abschlusslied\u00a0 auf Englisch.<\/p>\n<p>Unser Schulleiter Herr Mario Coss\u00e9 begr\u00fc\u00dfte Eltern und Sch\u00fcler und machte ihnen Mut zu einem gelungenen Start. Er erinnerte kurz an unseren Schulpatron, den Jesuiten von Spee, dessen Mut und Zivilcourage allen ein Vorbild sein sollte. Wir Lehrer h\u00e4tten zum Ziel, sie im Lernen und im Verhalten so zu unterst\u00fctzen, dass sie selbstbewusste und starke Sch\u00fclerinnen und Sch\u00fcler w\u00fcrden, die stolz auf ihre Haltung sein k\u00f6nnten. Er motivierte alle Kinder, sich selbst einen Brief zu schreiben \u00fcber ihre Ziele und Gedanken an diesem Tag.\u00a0 Dieser wird aufgehoben bis zu ihrer Entlassung, dann erhalten sie ihn als Erinnerungsst\u00fcck zur\u00fcck.<\/p>\n<p><img loading=\"lazy\" decoding=\"async\" class=\"alignnone size-medium wp-image-2441 aligncenter\" src=\"https:\/\/www.friedrich-spee-realschule-plus.de\/wp-content\/uploads\/2018\/08\/Foto-Einschulung-2018-Alternative-2-Medium-300x207.jpg\" alt=\"\" width=\"300\" height=\"207\" srcset=\"https:\/\/www.friedrich-spee-realschule-plus.de\/wp-content\/uploads\/2018\/08\/Foto-Einschulung-2018-Alternative-2-Medium-300x207.jpg 300w, https:\/\/www.friedrich-spee-realschule-plus.de\/wp-content\/uploads\/2018\/08\/Foto-Einschulung-2018-Alternative-2-Medium-768x529.jpg 768w, https:\/\/www.friedrich-spee-realschule-plus.de\/wp-content\/uploads\/2018\/08\/Foto-Einschulung-2018-Alternative-2-Medium-150x103.jpg 150w, https:\/\/www.friedrich-spee-realschule-plus.de\/wp-content\/uploads\/2018\/08\/Foto-Einschulung-2018-Alternative-2-Medium.jpg 1114w\" sizes=\"auto, (max-width: 300px) 100vw, 300px\" \/><\/p>\n<p>Die stellvertretenden Schulleiterinnen Frau Elke Hardt und Frau Mechthild Kortemeier sagten den Neuen ein herzliches Willkommen und boten ihre Unterst\u00fctzung f\u00fcr Sch\u00fcler wie Eltern an. Die F\u00fcnftkl\u00e4ssler lernten auch unsere Schulsozialarbeiterin Frau Heike Herrmanns und ihre Aufgaben kennen. Vorgestellt wurden\u00a0 anschlie\u00dfend\u00a0 unser neuer Hausmeister Herr Ralph Hofmann und unser FSJler Herr Justin Gennermann, der die Lehrer in Klasse 5 unterst\u00fctzen wird.<\/p>\n<p>Nach dem Begr\u00fc\u00dfungsprogramm gingen alle Sch\u00fcler mit ihren Klassenlehrern in ihre neuen Klassen. Die Eltern informierte Herr Christian Mergens als Vorsitzender\u00a0 \u00fcber\u00a0 die Bedeutung unseres F\u00f6rdervereins und warb f\u00fcr neue Mitglieder. Danach \u00a0gab es im Rahmen eines Elterncaf\u00e9s in der Mensa nicht nur die M\u00f6glichkeit f\u00fcr Kaffee und Kuchen sondern auch f\u00fcr erste Gespr\u00e4che unter den Eltern sowie \u00a0mit\u00a0 den Schulleitern und Frau Hermanns.<\/p>\n","protected":false},"excerpt":{"rendered":"<p>Einschulungsfeier der neuen F\u00fcnftkl\u00e4ssler an der Friedrich-Spee-Realschule plus in Neumagen-Dhron &nbsp; Am Dienstag, den 07.08.2018, war es so weit. Erwartungsvolle und aufgeregte neue Sch\u00fcler und Sch\u00fclerinnen kamen mit ihren Eltern zur Feier ihres ersten Schultages. Begr\u00fc\u00dft wurden sie in der sch\u00f6n geschm\u00fcckten Turnhalle mit einem unterhaltsamen Programm der 6. Klassen&#8230;.<\/p>\n<p> <a class=\"continue-reading-link\" href=\"https:\/\/www.friedrich-spee-realschule-plus.de\/?p=2440\"><span>Weiter lesen ?<\/span><i class=\"crycon-right-dir\"><\/i><\/a> <\/p>\n","protected":false},"author":2,"featured_media":2441,"comment_status":"closed","ping_status":"closed","sticky":false,"template":"","format":"standard","meta":{"footnotes":""},"categories":[15,13,26],"tags":[],"class_list":["post-2440","post","type-post","status-publish","format-standard","has-post-thumbnail","hentry","category-news","category-projekte","category-schulleben"],"_links":{"self":[{"href":"https:\/\/www.friedrich-spee-realschule-plus.de\/index.php?rest_route=\/wp\/v2\/posts\/2440","targetHints":{"allow":["GET"]}}],"collection":[{"href":"https:\/\/www.friedrich-spee-realschule-plus.de\/index.php?rest_route=\/wp\/v2\/posts"}],"about":[{"href":"https:\/\/www.friedrich-spee-realschule-plus.de\/index.php?rest_route=\/wp\/v2\/types\/post"}],"author":[{"embeddable":true,"href":"https:\/\/www.friedrich-spee-realschule-plus.de\/index.php?rest_route=\/wp\/v2\/users\/2"}],"replies":[{"embeddable":true,"href":"https:\/\/www.friedrich-spee-realschule-plus.de\/index.php?rest_route=%2Fwp%2Fv2%2Fcomments&post=2440"}],"version-history":[{"count":1,"href":"https:\/\/www.friedrich-spee-realschule-plus.de\/index.php?rest_route=\/wp\/v2\/posts\/2440\/revisions"}],"predecessor-version":[{"id":2442,"href":"https:\/\/www.friedrich-spee-realschule-plus.de\/index.php?rest_route=\/wp\/v2\/posts\/2440\/revisions\/2442"}],"wp:featuredmedia":[{"embeddable":true,"href":"https:\/\/www.friedrich-spee-realschule-plus.de\/index.php?rest_route=\/wp\/v2\/media\/2441"}],"wp:attachment":[{"href":"https:\/\/www.friedrich-spee-realschule-plus.de\/index.php?rest_route=%2Fwp%2Fv2%2Fmedia&parent=2440"}],"wp:term":[{"taxonomy":"category","embeddable":true,"href":"https:\/\/www.friedrich-spee-realschule-plus.de\/index.php?rest_route=%2Fwp%2Fv2%2Fcategories&post=2440"},{"taxonomy":"post_tag","embeddable":true,"href":"https:\/\/www.friedrich-spee-realschule-plus.de\/index.php?rest_route=%2Fwp%2Fv2%2Ftags&post=2440"}],"curies":[{"name":"wp","href":"https:\/\/api.w.org\/{rel}","templated":true}]}}