{"id":2422,"date":"2018-06-20T07:26:38","date_gmt":"2018-06-20T07:26:38","guid":{"rendered":"https:\/\/www.friedrich-spee-realschule-plus.de\/?p=2422"},"modified":"2018-06-20T07:26:38","modified_gmt":"2018-06-20T07:26:38","slug":"eine-gitarre-fuer-afrika","status":"publish","type":"post","link":"https:\/\/www.friedrich-spee-realschule-plus.de\/?p=2422","title":{"rendered":"Eine Gitarre f\u00fcr Afrika"},"content":{"rendered":"<p><span style=\"font-family: 'Calibri',sans-serif; font-size: 11pt;\"><span style=\"color: #000000;\">Bei strahlendem Sonnenschein absolvierte die Gitarren-AG der Friedrich-Spee-Realschule plus in Neumagen-Dhron ihren ersten Auftritt im Rahmen des Schulfestes. Die Gitarren-AG unter der Leitung von Frau Eckert begleitete insgesamt vier S\u00e4ngerinnen aus den Klassen 6 und 8 und pr\u00e4sentierte \u201eZombie\u201c von den Cranberries und \u201eWake me up when September ends\u201c von Green Day. W\u00e4hrend des Auftritts wurden Spenden gesammelt, um eine Gitarre f\u00fcr die \u201eArmenschule in Kirenge\u201c in Afrika zu kaufen. \u201eWir haben hier eine gute Ausstattung und besitzen Gitarren, mit denen wir \u00fcben k\u00f6nnen. Mit unserer Spende m\u00f6chten wir Kindern in Afrika helfen, auch Gitarre spielen zu lernen\u201c (Jasmin, Klasse 6c). Herr Akin wird die Armenschule in den Sommerferien besuchen und die Gitarre \u00fcberreichen.<\/span><\/span><\/p>\n<p><img loading=\"lazy\" decoding=\"async\" class=\"alignnone size-medium wp-image-2423 aligncenter\" src=\"https:\/\/www.friedrich-spee-realschule-plus.de\/wp-content\/uploads\/2018\/06\/IMG_20180613_102547-Medium-300x225.jpg\" alt=\"\" width=\"300\" height=\"225\" srcset=\"https:\/\/www.friedrich-spee-realschule-plus.de\/wp-content\/uploads\/2018\/06\/IMG_20180613_102547-Medium-300x225.jpg 300w, https:\/\/www.friedrich-spee-realschule-plus.de\/wp-content\/uploads\/2018\/06\/IMG_20180613_102547-Medium-768x576.jpg 768w, https:\/\/www.friedrich-spee-realschule-plus.de\/wp-content\/uploads\/2018\/06\/IMG_20180613_102547-Medium-150x113.jpg 150w, https:\/\/www.friedrich-spee-realschule-plus.de\/wp-content\/uploads\/2018\/06\/IMG_20180613_102547-Medium.jpg 1024w\" sizes=\"auto, (max-width: 300px) 100vw, 300px\" \/><\/p>\n","protected":false},"excerpt":{"rendered":"<p>Bei strahlendem Sonnenschein absolvierte die Gitarren-AG der Friedrich-Spee-Realschule plus in Neumagen-Dhron ihren ersten Auftritt im Rahmen des Schulfestes. Die Gitarren-AG unter der Leitung von Frau Eckert begleitete insgesamt vier S\u00e4ngerinnen aus den Klassen 6 und 8 und pr\u00e4sentierte \u201eZombie\u201c von den Cranberries und \u201eWake me up when September ends\u201c von&#8230;<\/p>\n<p> <a class=\"continue-reading-link\" href=\"https:\/\/www.friedrich-spee-realschule-plus.de\/?p=2422\"><span>Weiter lesen ?<\/span><i class=\"crycon-right-dir\"><\/i><\/a> <\/p>\n","protected":false},"author":2,"featured_media":2423,"comment_status":"closed","ping_status":"closed","sticky":false,"template":"","format":"standard","meta":{"footnotes":""},"categories":[15,13,26],"tags":[],"class_list":["post-2422","post","type-post","status-publish","format-standard","has-post-thumbnail","hentry","category-news","category-projekte","category-schulleben"],"_links":{"self":[{"href":"https:\/\/www.friedrich-spee-realschule-plus.de\/index.php?rest_route=\/wp\/v2\/posts\/2422","targetHints":{"allow":["GET"]}}],"collection":[{"href":"https:\/\/www.friedrich-spee-realschule-plus.de\/index.php?rest_route=\/wp\/v2\/posts"}],"about":[{"href":"https:\/\/www.friedrich-spee-realschule-plus.de\/index.php?rest_route=\/wp\/v2\/types\/post"}],"author":[{"embeddable":true,"href":"https:\/\/www.friedrich-spee-realschule-plus.de\/index.php?rest_route=\/wp\/v2\/users\/2"}],"replies":[{"embeddable":true,"href":"https:\/\/www.friedrich-spee-realschule-plus.de\/index.php?rest_route=%2Fwp%2Fv2%2Fcomments&post=2422"}],"version-history":[{"count":1,"href":"https:\/\/www.friedrich-spee-realschule-plus.de\/index.php?rest_route=\/wp\/v2\/posts\/2422\/revisions"}],"predecessor-version":[{"id":2424,"href":"https:\/\/www.friedrich-spee-realschule-plus.de\/index.php?rest_route=\/wp\/v2\/posts\/2422\/revisions\/2424"}],"wp:featuredmedia":[{"embeddable":true,"href":"https:\/\/www.friedrich-spee-realschule-plus.de\/index.php?rest_route=\/wp\/v2\/media\/2423"}],"wp:attachment":[{"href":"https:\/\/www.friedrich-spee-realschule-plus.de\/index.php?rest_route=%2Fwp%2Fv2%2Fmedia&parent=2422"}],"wp:term":[{"taxonomy":"category","embeddable":true,"href":"https:\/\/www.friedrich-spee-realschule-plus.de\/index.php?rest_route=%2Fwp%2Fv2%2Fcategories&post=2422"},{"taxonomy":"post_tag","embeddable":true,"href":"https:\/\/www.friedrich-spee-realschule-plus.de\/index.php?rest_route=%2Fwp%2Fv2%2Ftags&post=2422"}],"curies":[{"name":"wp","href":"https:\/\/api.w.org\/{rel}","templated":true}]}}