{"id":2166,"date":"2018-05-02T06:50:13","date_gmt":"2018-05-02T06:50:13","guid":{"rendered":"https:\/\/www.friedrich-spee-realschule-plus.de\/?p=2166"},"modified":"2018-05-02T06:50:13","modified_gmt":"2018-05-02T06:50:13","slug":"interreligioeser-ausflug-der-friedrich-spee-realschule-plus-zu-den-gotteshaeusern-der-weltreligionen-judentum-islam-und-christentum","status":"publish","type":"post","link":"https:\/\/www.friedrich-spee-realschule-plus.de\/?p=2166","title":{"rendered":"Interreligi\u00f6ser Ausflug der Friedrich-Spee-Realschule plus zu den Gottesh\u00e4usern der Weltreligionen Judentum, Islam und Christentum"},"content":{"rendered":"<p>Dank der gro\u00dfz\u00fcgigen Spende des F\u00f6rdervereins der Schule war es uns auch in diesem Schuljahr m\u00f6glich, mit allen Abschlussklassen die Gottesh\u00e4user der drei abrahamitischen Religionen in Zell und Bullay zu besuchen.<\/p>\n<p>Die erste Station unserer Exkursion war die Marienburg Zell, in der die Jugendlichen einen Kirchenraum betrachten konnten. Herr Surkus-Anzenhofer, Pastoralreferent vor Ort, erkl\u00e4rte uns, was es hei\u00dft, eine Jugendkirche zu sein und erl\u00e4uterte die Einrichtungsgegenst\u00e4nde des Kirchenraums. Anschlie\u00dfend lud er die Sch\u00fcler zu einer kleinen Stationsarbeit ein, in der sie sich mit ihren eigenen W\u00fcnschen, Bezugspersonen und Lebenszielen auseinandersetzen konnten.<\/p>\n<p><img loading=\"lazy\" decoding=\"async\" class=\"size-medium wp-image-2167 aligncenter\" src=\"https:\/\/www.friedrich-spee-realschule-plus.de\/wp-content\/uploads\/2018\/05\/2018-04-30-PHOTO-00000019-300x225.jpg\" alt=\"\" width=\"300\" height=\"225\" srcset=\"https:\/\/www.friedrich-spee-realschule-plus.de\/wp-content\/uploads\/2018\/05\/2018-04-30-PHOTO-00000019-300x225.jpg 300w, https:\/\/www.friedrich-spee-realschule-plus.de\/wp-content\/uploads\/2018\/05\/2018-04-30-PHOTO-00000019-768x576.jpg 768w, https:\/\/www.friedrich-spee-realschule-plus.de\/wp-content\/uploads\/2018\/05\/2018-04-30-PHOTO-00000019-150x113.jpg 150w, https:\/\/www.friedrich-spee-realschule-plus.de\/wp-content\/uploads\/2018\/05\/2018-04-30-PHOTO-00000019.jpg 1280w\" sizes=\"auto, (max-width: 300px) 100vw, 300px\" \/><img loading=\"lazy\" decoding=\"async\" class=\"size-medium wp-image-2170 aligncenter\" src=\"https:\/\/www.friedrich-spee-realschule-plus.de\/wp-content\/uploads\/2018\/05\/2018-04-30-PHOTO-00000021-300x225.jpg\" alt=\"\" width=\"300\" height=\"225\" srcset=\"https:\/\/www.friedrich-spee-realschule-plus.de\/wp-content\/uploads\/2018\/05\/2018-04-30-PHOTO-00000021-300x225.jpg 300w, https:\/\/www.friedrich-spee-realschule-plus.de\/wp-content\/uploads\/2018\/05\/2018-04-30-PHOTO-00000021-768x576.jpg 768w, https:\/\/www.friedrich-spee-realschule-plus.de\/wp-content\/uploads\/2018\/05\/2018-04-30-PHOTO-00000021-150x113.jpg 150w, https:\/\/www.friedrich-spee-realschule-plus.de\/wp-content\/uploads\/2018\/05\/2018-04-30-PHOTO-00000021.jpg 1280w\" sizes=\"auto, (max-width: 300px) 100vw, 300px\" \/>Die folgende Station f\u00fchrte uns zur ehemaligen Synagoge in Zell, in der uns Herr Bohlscheid sehr eindrucksvoll das Schicksal der Juden vor Ort zur Zeit des Nationalsozialismus vor Augen f\u00fchrte. Vertieft wurde dies durch die Ausf\u00fchrungen zu den Stolpersteinen durch Frau Schiffer. Verschiedene Einzelschicksale der j\u00fcdischen Einwohner beeindruckten die Jugendlichen sehr, zeigen sie doch, wie sehr einzelne Menschen unter den Vorurteilen der Bev\u00f6lkerung &#8211; konsequent best\u00e4rkt durch die Propaganda der Nationalsozialisten &#8211; leiden mussten. Dass Frau Schiffer auch immer aktuelle Brennpunkte ansprach, verdeutlichte uns die Bedeutsamkeit der Gedenkarbeit auch f\u00fcr die heutige Zeit.<\/p>\n<p><img loading=\"lazy\" decoding=\"async\" class=\"alignnone wp-image-2168 aligncenter\" src=\"https:\/\/www.friedrich-spee-realschule-plus.de\/wp-content\/uploads\/2018\/05\/2018-04-30-PHOTO-00000020-300x225.jpg\" alt=\"\" width=\"300\" height=\"225\" srcset=\"https:\/\/www.friedrich-spee-realschule-plus.de\/wp-content\/uploads\/2018\/05\/2018-04-30-PHOTO-00000020-300x225.jpg 300w, https:\/\/www.friedrich-spee-realschule-plus.de\/wp-content\/uploads\/2018\/05\/2018-04-30-PHOTO-00000020-768x576.jpg 768w, https:\/\/www.friedrich-spee-realschule-plus.de\/wp-content\/uploads\/2018\/05\/2018-04-30-PHOTO-00000020-150x113.jpg 150w, https:\/\/www.friedrich-spee-realschule-plus.de\/wp-content\/uploads\/2018\/05\/2018-04-30-PHOTO-00000020.jpg 1280w\" sizes=\"auto, (max-width: 300px) 100vw, 300px\" \/>H\u00f6hepunkt unserer Exkursion war der Ausflug in die Moschee in Bullay, in der Herr Akin, unser muslimischer Kollege an der Schule, uns Fragen zur Aus\u00fcbung seiner Religion beantwortete und wichtige Ausstattungsgegenst\u00e4nde des Gotteshauses erl\u00e4uterte. Eindrucksvoll fanden wir insbesondere, dass wir zudem am Mittagsgebet beiwohnen durften.<\/p>\n<p><img loading=\"lazy\" decoding=\"async\" class=\"size-medium wp-image-2169 aligncenter\" src=\"https:\/\/www.friedrich-spee-realschule-plus.de\/wp-content\/uploads\/2018\/05\/2018-04-30-PHOTO-00000023-300x225.jpg\" alt=\"\" width=\"300\" height=\"225\" srcset=\"https:\/\/www.friedrich-spee-realschule-plus.de\/wp-content\/uploads\/2018\/05\/2018-04-30-PHOTO-00000023-300x225.jpg 300w, https:\/\/www.friedrich-spee-realschule-plus.de\/wp-content\/uploads\/2018\/05\/2018-04-30-PHOTO-00000023-768x576.jpg 768w, https:\/\/www.friedrich-spee-realschule-plus.de\/wp-content\/uploads\/2018\/05\/2018-04-30-PHOTO-00000023-150x113.jpg 150w, https:\/\/www.friedrich-spee-realschule-plus.de\/wp-content\/uploads\/2018\/05\/2018-04-30-PHOTO-00000023.jpg 1280w\" sizes=\"auto, (max-width: 300px) 100vw, 300px\" \/>Dass Lernen vor Ort nachhaltiger und wirksamer sein kann als viele theoretische Unterrichtsstunden, wurde so auch in diesem Jahr erneut bewiesen. Wir hoffen, dass die Exkursion ein St\u00fcck weit zur Steigerung von Achtung, Toleranz und Wertsch\u00e4tzung gegen\u00fcber anderen Religionen und Kulturen beitr\u00e4gt, um ein friedliches, harmonisches Zusammenleben sowohl an der Schule wie in der Gesellschaft zu erm\u00f6glichen.<\/p>\n","protected":false},"excerpt":{"rendered":"<p>Dank der gro\u00dfz\u00fcgigen Spende des F\u00f6rdervereins der Schule war es uns auch in diesem Schuljahr m\u00f6glich, mit allen Abschlussklassen die Gottesh\u00e4user der drei abrahamitischen Religionen in Zell und Bullay zu besuchen. Die erste Station unserer Exkursion war die Marienburg Zell, in der die Jugendlichen einen Kirchenraum betrachten konnten. Herr Surkus-Anzenhofer,&#8230;<\/p>\n<p> <a class=\"continue-reading-link\" href=\"https:\/\/www.friedrich-spee-realschule-plus.de\/?p=2166\"><span>Weiter lesen ?<\/span><i class=\"crycon-right-dir\"><\/i><\/a> <\/p>\n","protected":false},"author":2,"featured_media":2170,"comment_status":"closed","ping_status":"closed","sticky":false,"template":"","format":"standard","meta":{"footnotes":""},"categories":[15,13,26],"tags":[],"class_list":["post-2166","post","type-post","status-publish","format-standard","has-post-thumbnail","hentry","category-news","category-projekte","category-schulleben"],"_links":{"self":[{"href":"https:\/\/www.friedrich-spee-realschule-plus.de\/index.php?rest_route=\/wp\/v2\/posts\/2166","targetHints":{"allow":["GET"]}}],"collection":[{"href":"https:\/\/www.friedrich-spee-realschule-plus.de\/index.php?rest_route=\/wp\/v2\/posts"}],"about":[{"href":"https:\/\/www.friedrich-spee-realschule-plus.de\/index.php?rest_route=\/wp\/v2\/types\/post"}],"author":[{"embeddable":true,"href":"https:\/\/www.friedrich-spee-realschule-plus.de\/index.php?rest_route=\/wp\/v2\/users\/2"}],"replies":[{"embeddable":true,"href":"https:\/\/www.friedrich-spee-realschule-plus.de\/index.php?rest_route=%2Fwp%2Fv2%2Fcomments&post=2166"}],"version-history":[{"count":1,"href":"https:\/\/www.friedrich-spee-realschule-plus.de\/index.php?rest_route=\/wp\/v2\/posts\/2166\/revisions"}],"predecessor-version":[{"id":2171,"href":"https:\/\/www.friedrich-spee-realschule-plus.de\/index.php?rest_route=\/wp\/v2\/posts\/2166\/revisions\/2171"}],"wp:featuredmedia":[{"embeddable":true,"href":"https:\/\/www.friedrich-spee-realschule-plus.de\/index.php?rest_route=\/wp\/v2\/media\/2170"}],"wp:attachment":[{"href":"https:\/\/www.friedrich-spee-realschule-plus.de\/index.php?rest_route=%2Fwp%2Fv2%2Fmedia&parent=2166"}],"wp:term":[{"taxonomy":"category","embeddable":true,"href":"https:\/\/www.friedrich-spee-realschule-plus.de\/index.php?rest_route=%2Fwp%2Fv2%2Fcategories&post=2166"},{"taxonomy":"post_tag","embeddable":true,"href":"https:\/\/www.friedrich-spee-realschule-plus.de\/index.php?rest_route=%2Fwp%2Fv2%2Ftags&post=2166"}],"curies":[{"name":"wp","href":"https:\/\/api.w.org\/{rel}","templated":true}]}}